{"id":2334,"date":"2022-06-08T23:55:00","date_gmt":"2022-06-08T21:55:00","guid":{"rendered":"https:\/\/www.busclassic.org\/?p=2334"},"modified":"2025-06-18T12:40:14","modified_gmt":"2025-06-18T10:40:14","slug":"hispano-suiza-12-15","status":"publish","type":"post","link":"https:\/\/www.busclassic.org\/ca\/vehicles\/hispano-suiza-12-15\/","title":{"rendered":"02. Hispano Suiza 12\/15 (1909)"},"content":{"rendered":"\n<h2 class=\"wp-block-heading\">Dades de refer\u00e8ncia<\/h2>\n\n\n\n<ul class=\"wp-block-list\">\n<li><strong>Xass\u00eds<\/strong>: Hispano Suiza 12\/15<\/li>\n\n\n\n<li><strong>Motor<\/strong>: Hispano Suiza de 4 cilindres, 2212cm3 i 20CV<\/li>\n\n\n\n<li><strong>Carrosser<\/strong>: desconegut<\/li>\n\n\n\n<li><strong>Posada en servei<\/strong>: 1909<\/li>\n\n\n\n<li><strong>Calca<\/strong>: no en t\u00e9<\/li>\n\n\n\n<li><strong>Places<\/strong>: 15<\/li>\n\n\n\n<li><strong>Matr\u00edcula<\/strong>: B-352<\/li>\n<\/ul>\n\n\n\n<h2 class=\"wp-block-heading\">Ressenya hist\u00f2rica<\/h2>\n\n\n\n<blockquote class=\"wp-block-quote is-layout-flow wp-block-quote-is-layout-flow\">\n<p><strong>La Hispano-Suiza: pionera de l\u2019automoci\u00f3 a Espanya<\/strong><\/p>\n<\/blockquote>\n\n\n\n<p>La <strong>Hispano-Suiza<\/strong> comen\u00e7\u00e0 a fabricar autom\u00f2bils cap al <strong>1905<\/strong>, i seria, amb difer\u00e8ncia, el <strong>fabricant espanyol de m\u00e9s llarga traject\u00f2ria<\/strong>, produint vehicles sota aquest nom fins al <strong>1946<\/strong>, i continuant posteriorment sota la marca <strong>Pegaso<\/strong> fins al <strong>1994<\/strong>.<\/p>\n\n\n\n<p>Dins la gamma de models Hispano-Suiza del moment, aquest <strong>xass\u00eds<\/strong>, que es comen\u00e7\u00e0 a produir el <strong>1908<\/strong>, era el <strong>m\u00e9s petit i econ\u00f2mic<\/strong>, tal com el fabricant destacava en la seva publicitat.<\/p>\n\n\n\n<p>La <strong>carrosseria<\/strong> \u00e9s la cl\u00e0ssica <strong>tancada<\/strong> de l\u2019\u00e8poca, derivada del tipus <em>limousine<\/em>: una <strong>berlina-galera<\/strong> amb el <strong>conductor i l\u2019ajudant al pescant, sense portes<\/strong>, un <strong>primer compartiment noble<\/strong> amb <strong>seient travesser<\/strong> i <strong>porta al lateral esquerre<\/strong>, i un <strong>segon compartiment<\/strong> tipus <strong>galera<\/strong>, amb els <strong>passatgers asseguts d\u2019esquena als laterals<\/strong> i <strong>porta d\u2019acc\u00e9s posterior<\/strong>. L\u2019<strong>estructura<\/strong> \u00e9s de <strong>fusta de freixe<\/strong> emplanxada, amb <strong>poc espai interior<\/strong> i una <strong>baca per als equipatges<\/strong> al sostre.<\/p>\n\n\n\n<p>Sorpr\u00e8n que la <strong>porta lateral<\/strong> sigui nom\u00e9s a l\u2019<strong>esquerra<\/strong>, tot i circular per la <strong>dreta<\/strong>, encara que sembla que era el <strong>costum habitual de l\u2019\u00e8poca<\/strong>.<\/p>\n\n\n\n<h2 class=\"wp-block-heading\">Fotografies<\/h2>\n\n\n\n<figure class=\"wp-block-image size-large\"><img loading=\"lazy\" decoding=\"async\" width=\"1024\" height=\"680\" src=\"https:\/\/www.busclassic.org\/wp-content\/uploads\/2018\/04\/POC_0006-1024x680.jpg\" alt=\"Hispano Suiza 12\/15\" class=\"wp-image-1238\" srcset=\"https:\/\/www.busclassic.org\/wp-content\/uploads\/2018\/04\/POC_0006-1024x680.jpg 1024w, https:\/\/www.busclassic.org\/wp-content\/uploads\/2018\/04\/POC_0006-300x199.jpg 300w, https:\/\/www.busclassic.org\/wp-content\/uploads\/2018\/04\/POC_0006-768x510.jpg 768w, https:\/\/www.busclassic.org\/wp-content\/uploads\/2018\/04\/POC_0006-830x551.jpg 830w, https:\/\/www.busclassic.org\/wp-content\/uploads\/2018\/04\/POC_0006-230x153.jpg 230w, https:\/\/www.busclassic.org\/wp-content\/uploads\/2018\/04\/POC_0006-350x232.jpg 350w, https:\/\/www.busclassic.org\/wp-content\/uploads\/2018\/04\/POC_0006-480x319.jpg 480w, https:\/\/www.busclassic.org\/wp-content\/uploads\/2018\/04\/POC_0006-272x182.jpg 272w\" sizes=\"auto, (max-width: 1024px) 100vw, 1024px\" \/><figcaption class=\"wp-element-caption\">Hispano Suiza 12\/15<\/figcaption><\/figure>\n","protected":false},"excerpt":{"rendered":"<p>Descobreix el Hispano Suiza 12\/15 de 1909, un autom\u00f2bil hist\u00f2ric de 15 places amb carrosseria cl\u00e0ssica i motor de 20\u202fCV. Una joia centen\u00e0ria del patrimoni del transport.<\/p>\n","protected":false},"author":1,"featured_media":1238,"comment_status":"closed","ping_status":"open","sticky":false,"template":"","format":"standard","meta":{"_exactmetrics_skip_tracking":false,"_exactmetrics_sitenote_active":false,"_exactmetrics_sitenote_note":"","_exactmetrics_sitenote_category":0,"footnotes":""},"categories":[41],"tags":[54,47],"class_list":["post-2334","post","type-post","status-publish","format-standard","has-post-thumbnail","hentry","category-vehicles","tag-hispano-suiza","tag-sagales"],"mb":[],"mfb_rest_fields":["title"],"_links":{"self":[{"href":"https:\/\/www.busclassic.org\/ca\/wp-json\/wp\/v2\/posts\/2334","targetHints":{"allow":["GET"]}}],"collection":[{"href":"https:\/\/www.busclassic.org\/ca\/wp-json\/wp\/v2\/posts"}],"about":[{"href":"https:\/\/www.busclassic.org\/ca\/wp-json\/wp\/v2\/types\/post"}],"author":[{"embeddable":true,"href":"https:\/\/www.busclassic.org\/ca\/wp-json\/wp\/v2\/users\/1"}],"replies":[{"embeddable":true,"href":"https:\/\/www.busclassic.org\/ca\/wp-json\/wp\/v2\/comments?post=2334"}],"version-history":[{"count":29,"href":"https:\/\/www.busclassic.org\/ca\/wp-json\/wp\/v2\/posts\/2334\/revisions"}],"predecessor-version":[{"id":5384,"href":"https:\/\/www.busclassic.org\/ca\/wp-json\/wp\/v2\/posts\/2334\/revisions\/5384"}],"wp:featuredmedia":[{"embeddable":true,"href":"https:\/\/www.busclassic.org\/ca\/wp-json\/wp\/v2\/media\/1238"}],"wp:attachment":[{"href":"https:\/\/www.busclassic.org\/ca\/wp-json\/wp\/v2\/media?parent=2334"}],"wp:term":[{"taxonomy":"category","embeddable":true,"href":"https:\/\/www.busclassic.org\/ca\/wp-json\/wp\/v2\/categories?post=2334"},{"taxonomy":"post_tag","embeddable":true,"href":"https:\/\/www.busclassic.org\/ca\/wp-json\/wp\/v2\/tags?post=2334"}],"curies":[{"name":"wp","href":"https:\/\/api.w.org\/{rel}","templated":true}]}}