{"id":4921,"date":"2025-06-16T11:57:22","date_gmt":"2025-06-16T09:57:22","guid":{"rendered":"https:\/\/www.busclassic.org\/?p=4921"},"modified":"2025-06-20T17:09:51","modified_gmt":"2025-06-20T15:09:51","slug":"conductors-solidaris","status":"publish","type":"post","link":"https:\/\/www.busclassic.org\/fr\/activites\/conductors-solidaris\/","title":{"rendered":"Conductors Solidaris de Catalunya"},"content":{"rendered":"<h2 class=\"wp-block-heading\">Fiche de l\u2019activit\u00e9<\/h2>\n\n\n\n<div class=\"wp-block-columns is-layout-flex wp-container-core-columns-is-layout-28f84493 wp-block-columns-is-layout-flex\">\n<div class=\"wp-block-column is-layout-flow wp-block-column-is-layout-flow\">\n<p>Organis\u00e9 par:\u00a0<strong>Conductors Solidaris de Catalunya<\/strong>.<br>Prix:\u00a0<strong>gratuit<\/strong>.<br>R\u00e9servation obligatoire: <strong>NON<\/strong>.<br>Lieu: <strong>stand de Conductors Solidaris de Catalunya<\/strong>.<br>Horaires: <strong>de 16 h 00 \u00e0 21 h 30<\/strong>.<\/p>\n<\/div>\n\n\n\n<div class=\"wp-block-column is-layout-flow wp-block-column-is-layout-flow\">\n<figure class=\"wp-block-image size-large\"><img loading=\"lazy\" decoding=\"async\" width=\"1024\" height=\"681\" src=\"https:\/\/www.busclassic.org\/wp-content\/uploads\/2024\/08\/11-ralli-internacional-dautobusos-clssics_53903611920_o-1024x681.jpg\" alt=\"\" class=\"wp-image-4604\" style=\"aspect-ratio:16\/9;object-fit:cover\" srcset=\"\" sizes=\"auto, (max-width: 1024px) 100vw, 1024px\" data-srcset=\"\" \/><\/figure>\n<\/div>\n<\/div>\n\n\n\n<h2 class=\"wp-block-heading\">Description de l\u2019activit\u00e9<\/h2>\n\n\n\n<p class=\"translation-block\"><strong>\u201cDiff\u00e9rents mais \u00e9gaux\u201d<\/strong> : c\u2019est ce que les <strong><a href=\"https:\/\/conductorssolidaris.org\/\" target=\"_blank\" rel=\"noopener\">Conductors Solidaris de Catalunya<\/a><\/strong> nous aideront \u00e0 comprendre gr\u00e2ce \u00e0 l\u2019exposition qu\u2019ils pr\u00e9sentent dans leur espace.<\/p>\n\n\n\n<p>Conductors Solidaris de Catalunya est une ONG dont l\u2019objectif est le transport d\u2019aide humanitaire et solidaire vers des zones en conflit arm\u00e9, des zones n\u00e9cessiteuses ou des r\u00e9gions de pauvret\u00e9 extr\u00eame. Chaque ann\u00e9e, elle m\u00e8ne diverses actions humanitaires en collaboration avec d\u2019autres organisations et entreprises, principalement dans les r\u00e9gions les plus pauvres d\u2019Afrique.<\/p>","protected":false},"excerpt":{"rendered":"<p>D\u00e9couvrez l\u2019exposition \u00abDiff\u00e9rents mais \u00e9gaux\u00bb des Conductors Solidaris de Catalunya, une ONG qui transporte de l\u2019aide humanitaire en zones de conflit. Entr\u00e9e gratuite, de 16 h \u00e0 21 h 30.<\/p>","protected":false},"author":1,"featured_media":4604,"comment_status":"closed","ping_status":"open","sticky":false,"template":"","format":"standard","meta":{"_exactmetrics_skip_tracking":false,"_exactmetrics_sitenote_active":false,"_exactmetrics_sitenote_note":"","_exactmetrics_sitenote_category":0,"footnotes":""},"categories":[456],"tags":[],"class_list":["post-4921","post","type-post","status-publish","format-standard","has-post-thumbnail","hentry","category-activitats"],"mb":[],"mfb_rest_fields":["title"],"_links":{"self":[{"href":"https:\/\/www.busclassic.org\/fr\/wp-json\/wp\/v2\/posts\/4921","targetHints":{"allow":["GET"]}}],"collection":[{"href":"https:\/\/www.busclassic.org\/fr\/wp-json\/wp\/v2\/posts"}],"about":[{"href":"https:\/\/www.busclassic.org\/fr\/wp-json\/wp\/v2\/types\/post"}],"author":[{"embeddable":true,"href":"https:\/\/www.busclassic.org\/fr\/wp-json\/wp\/v2\/users\/1"}],"replies":[{"embeddable":true,"href":"https:\/\/www.busclassic.org\/fr\/wp-json\/wp\/v2\/comments?post=4921"}],"version-history":[{"count":10,"href":"https:\/\/www.busclassic.org\/fr\/wp-json\/wp\/v2\/posts\/4921\/revisions"}],"predecessor-version":[{"id":5466,"href":"https:\/\/www.busclassic.org\/fr\/wp-json\/wp\/v2\/posts\/4921\/revisions\/5466"}],"wp:featuredmedia":[{"embeddable":true,"href":"https:\/\/www.busclassic.org\/fr\/wp-json\/wp\/v2\/media\/4604"}],"wp:attachment":[{"href":"https:\/\/www.busclassic.org\/fr\/wp-json\/wp\/v2\/media?parent=4921"}],"wp:term":[{"taxonomy":"category","embeddable":true,"href":"https:\/\/www.busclassic.org\/fr\/wp-json\/wp\/v2\/categories?post=4921"},{"taxonomy":"post_tag","embeddable":true,"href":"https:\/\/www.busclassic.org\/fr\/wp-json\/wp\/v2\/tags?post=4921"}],"curies":[{"name":"wp","href":"https:\/\/api.w.org\/{rel}","templated":true}]}}