{"id":4480,"date":"2024-05-31T13:20:49","date_gmt":"2024-05-31T11:20:49","guid":{"rendered":"https:\/\/www.busclassic.org\/?p=4480"},"modified":"2025-06-18T11:13:01","modified_gmt":"2025-06-18T09:13:01","slug":"man-plataforma","status":"publish","type":"post","link":"https:\/\/www.busclassic.org\/gl\/vehiculos\/man-plataforma\/","title":{"rendered":"A01. MAN Cami\u00f3 Plataforma (2006)"},"content":{"rendered":"<h2 class=\"wp-block-heading\">Datos de referencia<\/h2>\n\n\n\n<ul class=\"wp-block-list\">\n<li><strong>Chasis<\/strong>: desco\u00f1ecido<\/li>\n\n\n\n<li><strong>Motor<\/strong>: desco\u00f1ecido<\/li>\n\n\n\n<li><strong>Carrocer\u00eda<\/strong>: desco\u00f1ecido<\/li>\n\n\n\n<li><strong>Posta en servizo<\/strong>: 2006<\/li>\n\n\n\n<li><strong>Calca<\/strong>: non o ten<\/li>\n\n\n\n<li><strong>Prazas<\/strong>: 2<\/li>\n\n\n\n<li><strong>Matr\u00edcula<\/strong>: 0963-DXS<\/li>\n<\/ul>\n\n\n\n<h2 class=\"wp-block-heading\">Rese\u00f1a hist\u00f3rica<\/h2>\n\n\n\n<blockquote class=\"wp-block-quote is-layout-flow wp-block-quote-is-layout-flow\">\n<p><strong>Cami\u00f3 MAN 4\u00d74: log\u00edstica solid\u00e0ria al servei dels m\u00e9s vulnerables<\/strong><\/p>\n<\/blockquote>\n\n\n\n<p>Aquest <strong>cami\u00f3 MAN amb plataforma 4\u00d74<\/strong> \u00e9s un vehicle operatiu de <strong><a href=\"https:\/\/conductorssolidaris.org\/\" target=\"_blank\" rel=\"noopener\">Conductors Solidaris de Catalunya<\/a><\/strong>, una <strong>ONG fundada l\u2019any 2000 per conductors\/es de TMB<\/strong> dedicada al <strong>transport humanitari i solidari<\/strong> cap a zones en conflicte, regions en extrema pobresa o zones afectades per cat\u00e0strofes, especialment a l\u2019\u00c0frica i altres punts vulnerables.<\/p>\n\n\n\n<p>L\u2019ONG compta amb una <strong>flota pr\u00f2pia d\u2019ajuda<\/strong> formada per un cami\u00f3 MAN, aquest vehicle 4\u00d74 i una furgoneta, tots adaptats per al transport de material b\u00e0sic: aliments, medicaments, materials sanitaris i equips de protecci\u00f3. El cami\u00f3 4\u00d74 en q\u00fcesti\u00f3 \u00e9s un model de <strong>gran tonatge<\/strong> dissenyat per assumir rutes dif\u00edcils o accidents naturals i ha participat en missions humanit\u00e0ries com la ruta cap a Val\u00e8ncia despr\u00e9s de la DANA o cap a camps de refugiats com Idomeni.<\/p>\n\n\n\n<p>La seva <strong>robustesa 4\u00d74<\/strong> el fa ideal per a operacions en terrenys dif\u00edcils, permetent entregar ajuda directament als m\u00e9s necessitats i col\u00b7laborant a la creaci\u00f3 d\u2019equips log\u00edstics locals per garantir un desplegament continu i efectiu.<\/p>\n\n\n\n<p><strong>Context i utilitat actual<\/strong><\/p>\n\n\n\n<p>Aquest cami\u00f3 no nom\u00e9s forma part de la col\u00b7lecci\u00f3 de vehicles hist\u00f2rics, sin\u00f3 que t\u00e9 una <strong>funci\u00f3 activa i solid\u00e0ria<\/strong> com a part de les accions humanit\u00e0ries de Conductors Solidaris, basant-se en l\u2019experi\u00e8ncia dels seus fundadors, conductors de TMB, i sent operatiu en missions log\u00edstiques reals, que inclouen l\u2019entrega directa de material i la potenciaci\u00f3 de les capacitats log\u00edstiques locals en els territoris d\u2019actuaci\u00f3<\/p>\n\n\n\n<h2 class=\"wp-block-heading\">Fotograf\u00edas<\/h2>\n\n\n\n<figure class=\"wp-block-gallery has-nested-images columns-default is-cropped wp-block-gallery-1 is-layout-flex wp-block-gallery-is-layout-flex\">\n<figure class=\"wp-block-image size-large\"><a href=\"https:\/\/www.busclassic.org\/wp-content\/uploads\/2024\/05\/41630801192_7c58fd8d65_k.jpg\"><img loading=\"lazy\" decoding=\"async\" width=\"1024\" height=\"683\" data-id=\"4481\" src=\"https:\/\/www.busclassic.org\/wp-content\/uploads\/2024\/05\/41630801192_7c58fd8d65_k-1024x683.jpg\" alt=\"MAN Cami\u00f3 Plataforma - Conductors Solidaris de Catalunya\" class=\"wp-image-4481\" srcset=\"https:\/\/www.busclassic.org\/wp-content\/uploads\/2024\/05\/41630801192_7c58fd8d65_k-1024x683.jpg 1024w, https:\/\/www.busclassic.org\/wp-content\/uploads\/2024\/05\/41630801192_7c58fd8d65_k-300x200.jpg 300w, https:\/\/www.busclassic.org\/wp-content\/uploads\/2024\/05\/41630801192_7c58fd8d65_k-768x512.jpg 768w, https:\/\/www.busclassic.org\/wp-content\/uploads\/2024\/05\/41630801192_7c58fd8d65_k-1536x1024.jpg 1536w, https:\/\/www.busclassic.org\/wp-content\/uploads\/2024\/05\/41630801192_7c58fd8d65_k-1000x667.jpg 1000w, https:\/\/www.busclassic.org\/wp-content\/uploads\/2024\/05\/41630801192_7c58fd8d65_k-230x153.jpg 230w, https:\/\/www.busclassic.org\/wp-content\/uploads\/2024\/05\/41630801192_7c58fd8d65_k-350x233.jpg 350w, https:\/\/www.busclassic.org\/wp-content\/uploads\/2024\/05\/41630801192_7c58fd8d65_k-480x320.jpg 480w, https:\/\/www.busclassic.org\/wp-content\/uploads\/2024\/05\/41630801192_7c58fd8d65_k-272x182.jpg 272w, https:\/\/www.busclassic.org\/wp-content\/uploads\/2024\/05\/41630801192_7c58fd8d65_k.jpg 2048w\" sizes=\"auto, (max-width: 1024px) 100vw, 1024px\" \/><\/a><\/figure>\n<\/figure>","protected":false},"excerpt":{"rendered":"<p>Cami\u00f3 MAN 4\u00d74 de 2006 utilitzat per Conductors Solidaris de Catalunya en missions humanit\u00e0ries. Un vehicle robust i essencial per portar ajuda a zones en crisi i dif\u00edcil acc\u00e9s.<\/p>","protected":false},"author":1,"featured_media":4481,"comment_status":"closed","ping_status":"open","sticky":false,"template":"","format":"standard","meta":{"_exactmetrics_skip_tracking":false,"_exactmetrics_sitenote_active":false,"_exactmetrics_sitenote_note":"","_exactmetrics_sitenote_category":0,"footnotes":""},"categories":[41],"tags":[426,43],"class_list":["post-4480","post","type-post","status-publish","format-standard","has-post-thumbnail","hentry","category-vehicles","tag-conductors-solidaris-de-catalunya","tag-man"],"mb":[],"mfb_rest_fields":["title"],"_links":{"self":[{"href":"https:\/\/www.busclassic.org\/gl\/wp-json\/wp\/v2\/posts\/4480","targetHints":{"allow":["GET"]}}],"collection":[{"href":"https:\/\/www.busclassic.org\/gl\/wp-json\/wp\/v2\/posts"}],"about":[{"href":"https:\/\/www.busclassic.org\/gl\/wp-json\/wp\/v2\/types\/post"}],"author":[{"embeddable":true,"href":"https:\/\/www.busclassic.org\/gl\/wp-json\/wp\/v2\/users\/1"}],"replies":[{"embeddable":true,"href":"https:\/\/www.busclassic.org\/gl\/wp-json\/wp\/v2\/comments?post=4480"}],"version-history":[{"count":11,"href":"https:\/\/www.busclassic.org\/gl\/wp-json\/wp\/v2\/posts\/4480\/revisions"}],"predecessor-version":[{"id":5356,"href":"https:\/\/www.busclassic.org\/gl\/wp-json\/wp\/v2\/posts\/4480\/revisions\/5356"}],"wp:featuredmedia":[{"embeddable":true,"href":"https:\/\/www.busclassic.org\/gl\/wp-json\/wp\/v2\/media\/4481"}],"wp:attachment":[{"href":"https:\/\/www.busclassic.org\/gl\/wp-json\/wp\/v2\/media?parent=4480"}],"wp:term":[{"taxonomy":"category","embeddable":true,"href":"https:\/\/www.busclassic.org\/gl\/wp-json\/wp\/v2\/categories?post=4480"},{"taxonomy":"post_tag","embeddable":true,"href":"https:\/\/www.busclassic.org\/gl\/wp-json\/wp\/v2\/tags?post=4480"}],"curies":[{"name":"wp","href":"https:\/\/api.w.org\/{rel}","templated":true}]}}