{"id":5472,"date":"2025-06-21T01:03:43","date_gmt":"2025-06-20T23:03:43","guid":{"rendered":"https:\/\/www.busclassic.org\/?p=5472"},"modified":"2025-06-21T01:04:28","modified_gmt":"2025-06-20T23:04:28","slug":"classics-moventis","status":"publish","type":"post","link":"https:\/\/www.busclassic.org\/oc\/activitats\/classics-moventis\/","title":{"rendered":"Cl\u00e0ssics amb Moventis"},"content":{"rendered":"<h2 class=\"wp-block-heading\">Fitxa dera activitat<\/h2>\n\n\n\n<div class=\"wp-block-columns is-layout-flex wp-container-core-columns-is-layout-28f84493 wp-block-columns-is-layout-flex\">\n<div class=\"wp-block-column is-layout-flow wp-block-column-is-layout-flow\">\n<p>Organiza:&nbsp;<strong>Moventis<\/strong>.<br>Pr\u00e8\u00e7:&nbsp;<strong>gratuit<\/strong>.<br>Calh reservar: <strong>NON<\/strong>.<br>L\u00f2c: <strong>estand de Moventis<\/strong>.<br>Orari: <strong>de 16 h a 21 h 30<\/strong>.<\/p>\n<\/div>\n\n\n\n<div class=\"wp-block-column is-vertically-aligned-top is-layout-flow wp-block-column-is-layout-flow\">\n<figure class=\"wp-block-image aligncenter size-full is-resized\"><img loading=\"lazy\" decoding=\"async\" width=\"1080\" height=\"1335\" src=\"https:\/\/www.busclassic.org\/wp-content\/uploads\/2025\/06\/Screenshot_20250621-010031.png\" alt=\"\" class=\"wp-image-5474\" style=\"aspect-ratio:1;object-fit:cover;width:149px;height:auto\" srcset=\"https:\/\/www.busclassic.org\/wp-content\/uploads\/2025\/06\/Screenshot_20250621-010031.png 1080w, https:\/\/www.busclassic.org\/wp-content\/uploads\/2025\/06\/Screenshot_20250621-010031-243x300.png 243w, https:\/\/www.busclassic.org\/wp-content\/uploads\/2025\/06\/Screenshot_20250621-010031-828x1024.png 828w, https:\/\/www.busclassic.org\/wp-content\/uploads\/2025\/06\/Screenshot_20250621-010031-768x949.png 768w, https:\/\/www.busclassic.org\/wp-content\/uploads\/2025\/06\/Screenshot_20250621-010031-10x12.png 10w, https:\/\/www.busclassic.org\/wp-content\/uploads\/2025\/06\/Screenshot_20250621-010031-1000x1236.png 1000w, https:\/\/www.busclassic.org\/wp-content\/uploads\/2025\/06\/Screenshot_20250621-010031-230x284.png 230w, https:\/\/www.busclassic.org\/wp-content\/uploads\/2025\/06\/Screenshot_20250621-010031-350x433.png 350w, https:\/\/www.busclassic.org\/wp-content\/uploads\/2025\/06\/Screenshot_20250621-010031-480x593.png 480w\" sizes=\"auto, (max-width: 1080px) 100vw, 1080px\" \/><\/figure>\n<\/div>\n<\/div>\n\n\n\n<h2 class=\"wp-block-heading\">Descripcion dera activitat<\/h2>\n\n\n\n<p class=\"translation-block\"><strong>Moventis<\/strong> exibir\u00e0 quatre autobus classics que representan era sua ist\u00f2ria, evolucion e eth comprem\u00eds damb era mobilitat ath long de m\u00e8s de <strong>100 ans<\/strong>.<\/p>\n\n\n\n<p class=\"translation-block\">M\u00e8s tanben, <strong>Moventis<\/strong> aur\u00e0 un espaci ena z\u00f2na d\u2019entreteniment, ont atendar\u00e0 es visitants e facilitar\u00e0 material promocionau. tanben s\u2019i installar\u00e0 un <strong>photocall tematic<\/strong>, ont es assistents poder\u00e0n h\u00e8r-se fotografies e participar en un <strong>soratge a trav\u00e8rs d\u2019Instagram<\/strong>, compartissent ath madeish temps era experi\u00e9ncia damb tota era comunitat de seguidors enes rets sociaus.<\/p>","protected":false},"excerpt":{"rendered":"<p>Moventis exibir\u00e0 quatre autobus classics e ofrir\u00e0 activitats interactivas damb photocall e soratge en Instagram. M\u00e8s de 100 ans d\u2019ist\u00f2ria e comprem\u00eds damb era mobilitat.<\/p>","protected":false},"author":1,"featured_media":5474,"comment_status":"open","ping_status":"open","sticky":false,"template":"","format":"standard","meta":{"_exactmetrics_skip_tracking":false,"_exactmetrics_sitenote_active":false,"_exactmetrics_sitenote_note":"","_exactmetrics_sitenote_category":0,"footnotes":""},"categories":[456],"tags":[],"class_list":["post-5472","post","type-post","status-publish","format-standard","has-post-thumbnail","hentry","category-activitats"],"mb":[],"mfb_rest_fields":["title"],"_links":{"self":[{"href":"https:\/\/www.busclassic.org\/oc\/wp-json\/wp\/v2\/posts\/5472","targetHints":{"allow":["GET"]}}],"collection":[{"href":"https:\/\/www.busclassic.org\/oc\/wp-json\/wp\/v2\/posts"}],"about":[{"href":"https:\/\/www.busclassic.org\/oc\/wp-json\/wp\/v2\/types\/post"}],"author":[{"embeddable":true,"href":"https:\/\/www.busclassic.org\/oc\/wp-json\/wp\/v2\/users\/1"}],"replies":[{"embeddable":true,"href":"https:\/\/www.busclassic.org\/oc\/wp-json\/wp\/v2\/comments?post=5472"}],"version-history":[{"count":2,"href":"https:\/\/www.busclassic.org\/oc\/wp-json\/wp\/v2\/posts\/5472\/revisions"}],"predecessor-version":[{"id":5476,"href":"https:\/\/www.busclassic.org\/oc\/wp-json\/wp\/v2\/posts\/5472\/revisions\/5476"}],"wp:featuredmedia":[{"embeddable":true,"href":"https:\/\/www.busclassic.org\/oc\/wp-json\/wp\/v2\/media\/5474"}],"wp:attachment":[{"href":"https:\/\/www.busclassic.org\/oc\/wp-json\/wp\/v2\/media?parent=5472"}],"wp:term":[{"taxonomy":"category","embeddable":true,"href":"https:\/\/www.busclassic.org\/oc\/wp-json\/wp\/v2\/categories?post=5472"},{"taxonomy":"post_tag","embeddable":true,"href":"https:\/\/www.busclassic.org\/oc\/wp-json\/wp\/v2\/tags?post=5472"}],"curies":[{"name":"wp","href":"https:\/\/api.w.org\/{rel}","templated":true}]}}